{"id":16287,"date":"2022-03-01T17:48:43","date_gmt":"2022-03-01T17:48:43","guid":{"rendered":"https:\/\/www.tdgiworld.com\/workshop-tecnico-desinfecao-por-radiacao-uv-c\/"},"modified":"2025-01-15T18:36:13","modified_gmt":"2025-01-15T18:36:13","slug":"jornada-tecnica-desinfeccion-por-radiacion-uv-c","status":"publish","type":"post","link":"https:\/\/www.tdgiworld.com\/es\/jornada-tecnica-desinfeccion-por-radiacion-uv-c\/","title":{"rendered":"Jornada T\u00e9cnica \u201cDesinfecci\u00f3n por radiaci\u00f3n UV-C\u201d"},"content":{"rendered":"<p><img loading=\"lazy\" decoding=\"async\" class=\"alignnone size-full wp-image-12219\" src=\"https:\/\/www.tdgiworld.com\/wp-content\/uploads\/NOTICIA_desinfecao_uv.jpg\" alt=\"\" width=\"705\" height=\"447\" srcset=\"https:\/\/www.tdgiworld.com\/wp-content\/uploads\/NOTICIA_desinfecao_uv.jpg 705w, https:\/\/www.tdgiworld.com\/wp-content\/uploads\/NOTICIA_desinfecao_uv-300x190.jpg 300w, https:\/\/www.tdgiworld.com\/wp-content\/uploads\/NOTICIA_desinfecao_uv-80x51.jpg 80w, https:\/\/www.tdgiworld.com\/wp-content\/uploads\/NOTICIA_desinfecao_uv-31x20.jpg 31w\" sizes=\"auto, (max-width: 705px) 100vw, 705px\" \/><\/p>\n<p>TDGI en colaboraci\u00f3n con la Sociedad Portuguesa de Instrumentaci\u00f3n M\u00e9dica realiz\u00f3 un Taller T\u00e9cnico bajo el tema: \u00abDesinfecci\u00f3n por radiaci\u00f3n UV-C\u00bb el 22 de febrero en el Edificio ANF (Asociaci\u00f3n Nacional de Farmacias), Oporto.<\/p>\n<p>Los ponentes presentaron aproximaciones a las normas ISO y la implementaci\u00f3n de la tecnolog\u00eda de desinfecci\u00f3n UV-C, as\u00ed como soluciones tecnol\u00f3gicas en esta \u00e1rea desarrolladas recientemente por TDGI.<\/p>\n<p>El Taller fue mediado por el Ing.\u00ba Faria Gomes(SPIM) y el Ing.\u00ba <a href=\"https:\/\/www.linkedin.com\/in\/ACoAAAi8FRQB4mD5p1poB1zlyaVkI30uz_EjTCE\">Diogo Nunes<\/a> (TDGI), con \u00e9nfasis en las presentaciones del TDGI, preparadas por el Ing.\u00ba <a href=\"https:\/\/www.linkedin.com\/in\/ACoAABNDAOgBsIRzq2sZlQuYkz0XCD7rkYOjf-0\">Noel Leit\u00e3o<\/a>, el Ing.\u00ba Manuel Ramos Ferreira y el Ing.\u00ba <a href=\"https:\/\/www.linkedin.com\/in\/ACoAAAJNjBYBQlH4ZCLMs5JuSTYEGxfNv2cRvlM\">Lu\u00eds Borges<\/a>, abarcando los temas: \u201cTecnolog\u00eda de radiaci\u00f3n UV-C\u201d; \u201cEstudio de caso \u2013 Desarrollo del producto de desinfecci\u00f3n UV-C \u2013 Sistemas m\u00f3viles y fijos\u201d; \u201cPresentaci\u00f3n y detalle de Productos desarrollados para desinfecci\u00f3n UV-C \u2013 Sistemas M\u00f3viles y Fijos\u201d.<\/p>\n","protected":false},"excerpt":{"rendered":"<p>TDGI en colaboraci\u00f3n con la Sociedad Portuguesa de Instrumentaci\u00f3n M\u00e9dica realiz\u00f3 un Taller T\u00e9cnico bajo el tema: \u00abDesinfecci\u00f3n por radiaci\u00f3n UV-C\u00bb el 22 de febrero en el Edificio ANF (Asociaci\u00f3n Nacional de Farmacias), Oporto. Los ponentes presentaron aproximaciones a las normas ISO y la implementaci\u00f3n de la tecnolog\u00eda de desinfecci\u00f3n UV-C, as\u00ed como soluciones tecnol\u00f3gicas [&hellip;]<\/p>\n","protected":false},"author":1,"featured_media":12222,"comment_status":"closed","ping_status":"closed","sticky":false,"template":"","format":"standard","meta":{"footnotes":"","_links_to":"","_links_to_target":""},"categories":[141],"tags":[176,116],"class_list":["post-16287","post","type-post","status-publish","format-standard","has-post-thumbnail","hentry","category-2022-es","tag-healthcare-es","tag-home-es"],"yoast_head":"<!-- This site is optimized with the Yoast SEO Premium plugin v27.1 (Yoast SEO v27.1.1) - https:\/\/yoast.com\/product\/yoast-seo-premium-wordpress\/ -->\n<title>Jornada T\u00e9cnica \u201cDesinfecci\u00f3n por radiaci\u00f3n UV-C\u201d - TDGI - Tecnologia de Gest\u00e3o de Im\u00f3veis, S.A<\/title>\n<meta name=\"robots\" content=\"index, follow, max-snippet:-1, max-image-preview:large, max-video-preview:-1\" \/>\n<link rel=\"canonical\" href=\"https:\/\/www.tdgiworld.com\/es\/jornada-tecnica-desinfeccion-por-radiacion-uv-c\/\" \/>\n<meta property=\"og:locale\" content=\"es_ES\" \/>\n<meta property=\"og:type\" content=\"article\" \/>\n<meta property=\"og:title\" content=\"Jornada T\u00e9cnica \u201cDesinfecci\u00f3n por radiaci\u00f3n UV-C\u201d\" \/>\n<meta property=\"og:description\" content=\"TDGI en colaboraci\u00f3n con la Sociedad Portuguesa de Instrumentaci\u00f3n M\u00e9dica realiz\u00f3 un Taller T\u00e9cnico bajo el tema: \u00abDesinfecci\u00f3n por radiaci\u00f3n UV-C\u00bb el 22 de febrero en el Edificio ANF (Asociaci\u00f3n Nacional de Farmacias), Oporto. Los ponentes presentaron aproximaciones a las normas ISO y la implementaci\u00f3n de la tecnolog\u00eda de desinfecci\u00f3n UV-C, as\u00ed como soluciones tecnol\u00f3gicas [&hellip;]\" \/>\n<meta property=\"og:url\" content=\"https:\/\/www.tdgiworld.com\/es\/jornada-tecnica-desinfeccion-por-radiacion-uv-c\/\" \/>\n<meta property=\"og:site_name\" content=\"TDGI - Tecnologia de Gest\u00e3o de Im\u00f3veis, S.A\" \/>\n<meta property=\"article:published_time\" content=\"2022-03-01T17:48:43+00:00\" \/>\n<meta property=\"article:modified_time\" content=\"2025-01-15T18:36:13+00:00\" \/>\n<meta property=\"og:image\" content=\"https:\/\/www.tdgiworld.com\/wp-content\/uploads\/NOTICIA_desinfecao_uv.jpg\" \/>\n\t<meta property=\"og:image:width\" content=\"705\" \/>\n\t<meta property=\"og:image:height\" content=\"447\" \/>\n\t<meta property=\"og:image:type\" content=\"image\/jpeg\" \/>\n<meta name=\"author\" content=\"Admin TDGI\" \/>\n<meta name=\"twitter:card\" content=\"summary_large_image\" \/>\n<meta name=\"twitter:label1\" content=\"Escrito por\" \/>\n\t<meta name=\"twitter:data1\" content=\"Admin TDGI\" \/>\n\t<meta name=\"twitter:label2\" content=\"Tiempo de lectura\" \/>\n\t<meta name=\"twitter:data2\" content=\"1 minuto\" \/>\n<script type=\"application\/ld+json\" class=\"yoast-schema-graph\">{\"@context\":\"https:\/\/schema.org\",\"@graph\":[{\"@type\":\"Article\",\"@id\":\"https:\/\/www.tdgiworld.com\/es\/jornada-tecnica-desinfeccion-por-radiacion-uv-c\/#article\",\"isPartOf\":{\"@id\":\"https:\/\/www.tdgiworld.com\/es\/jornada-tecnica-desinfeccion-por-radiacion-uv-c\/\"},\"author\":{\"name\":\"Admin TDGI\",\"@id\":\"https:\/\/www.tdgiworld.com\/#\/schema\/person\/5e1a3e1af649188a962c3d21b1c8be73\"},\"headline\":\"Jornada T\u00e9cnica \u201cDesinfecci\u00f3n por radiaci\u00f3n UV-C\u201d\",\"datePublished\":\"2022-03-01T17:48:43+00:00\",\"dateModified\":\"2025-01-15T18:36:13+00:00\",\"mainEntityOfPage\":{\"@id\":\"https:\/\/www.tdgiworld.com\/es\/jornada-tecnica-desinfeccion-por-radiacion-uv-c\/\"},\"wordCount\":162,\"publisher\":{\"@id\":\"https:\/\/www.tdgiworld.com\/#organization\"},\"image\":{\"@id\":\"https:\/\/www.tdgiworld.com\/es\/jornada-tecnica-desinfeccion-por-radiacion-uv-c\/#primaryimage\"},\"thumbnailUrl\":\"https:\/\/www.tdgiworld.com\/wp-content\/uploads\/NOTICIA_desinfecao_uv.jpg\",\"keywords\":[\"healthcare\",\"home ES\"],\"articleSection\":[\"2022\"],\"inLanguage\":\"es\"},{\"@type\":\"WebPage\",\"@id\":\"https:\/\/www.tdgiworld.com\/es\/jornada-tecnica-desinfeccion-por-radiacion-uv-c\/\",\"url\":\"https:\/\/www.tdgiworld.com\/es\/jornada-tecnica-desinfeccion-por-radiacion-uv-c\/\",\"name\":\"Jornada T\u00e9cnica \u201cDesinfecci\u00f3n por radiaci\u00f3n UV-C\u201d - TDGI - Tecnologia de Gest\u00e3o de Im\u00f3veis, S.A\",\"isPartOf\":{\"@id\":\"https:\/\/www.tdgiworld.com\/#website\"},\"primaryImageOfPage\":{\"@id\":\"https:\/\/www.tdgiworld.com\/es\/jornada-tecnica-desinfeccion-por-radiacion-uv-c\/#primaryimage\"},\"image\":{\"@id\":\"https:\/\/www.tdgiworld.com\/es\/jornada-tecnica-desinfeccion-por-radiacion-uv-c\/#primaryimage\"},\"thumbnailUrl\":\"https:\/\/www.tdgiworld.com\/wp-content\/uploads\/NOTICIA_desinfecao_uv.jpg\",\"datePublished\":\"2022-03-01T17:48:43+00:00\",\"dateModified\":\"2025-01-15T18:36:13+00:00\",\"breadcrumb\":{\"@id\":\"https:\/\/www.tdgiworld.com\/es\/jornada-tecnica-desinfeccion-por-radiacion-uv-c\/#breadcrumb\"},\"inLanguage\":\"es\",\"potentialAction\":[{\"@type\":\"ReadAction\",\"target\":[\"https:\/\/www.tdgiworld.com\/es\/jornada-tecnica-desinfeccion-por-radiacion-uv-c\/\"]}]},{\"@type\":\"ImageObject\",\"inLanguage\":\"es\",\"@id\":\"https:\/\/www.tdgiworld.com\/es\/jornada-tecnica-desinfeccion-por-radiacion-uv-c\/#primaryimage\",\"url\":\"https:\/\/www.tdgiworld.com\/wp-content\/uploads\/NOTICIA_desinfecao_uv.jpg\",\"contentUrl\":\"https:\/\/www.tdgiworld.com\/wp-content\/uploads\/NOTICIA_desinfecao_uv.jpg\",\"width\":705,\"height\":447},{\"@type\":\"BreadcrumbList\",\"@id\":\"https:\/\/www.tdgiworld.com\/es\/jornada-tecnica-desinfeccion-por-radiacion-uv-c\/#breadcrumb\",\"itemListElement\":[{\"@type\":\"ListItem\",\"position\":1,\"name\":\"In\u00edcio\",\"item\":\"https:\/\/www.tdgiworld.com\/es\/home\/\"},{\"@type\":\"ListItem\",\"position\":2,\"name\":\"Jornada T\u00e9cnica \u201cDesinfecci\u00f3n por radiaci\u00f3n UV-C\u201d\"}]},{\"@type\":\"WebSite\",\"@id\":\"https:\/\/www.tdgiworld.com\/#website\",\"url\":\"https:\/\/www.tdgiworld.com\/\",\"name\":\"TDGI - Tecnologia de Gest\u00e3o de Im\u00f3veis, S.A\",\"description\":\"\",\"publisher\":{\"@id\":\"https:\/\/www.tdgiworld.com\/#organization\"},\"alternateName\":\"TDGI\",\"potentialAction\":[{\"@type\":\"SearchAction\",\"target\":{\"@type\":\"EntryPoint\",\"urlTemplate\":\"https:\/\/www.tdgiworld.com\/?s={search_term_string}\"},\"query-input\":{\"@type\":\"PropertyValueSpecification\",\"valueRequired\":true,\"valueName\":\"search_term_string\"}}],\"inLanguage\":\"es\"},{\"@type\":\"Organization\",\"@id\":\"https:\/\/www.tdgiworld.com\/#organization\",\"name\":\"TDGI Portugal\",\"alternateName\":\"TDGI\",\"url\":\"https:\/\/www.tdgiworld.com\/\",\"logo\":{\"@type\":\"ImageObject\",\"inLanguage\":\"es\",\"@id\":\"https:\/\/www.tdgiworld.com\/#\/schema\/logo\/image\/\",\"url\":\"https:\/\/www.tdgiworld.com\/wp-content\/uploads\/2018\/01\/logo_TDGI_home_2.png\",\"contentUrl\":\"https:\/\/www.tdgiworld.com\/wp-content\/uploads\/2018\/01\/logo_TDGI_home_2.png\",\"width\":170,\"height\":77,\"caption\":\"TDGI Portugal\"},\"image\":{\"@id\":\"https:\/\/www.tdgiworld.com\/#\/schema\/logo\/image\/\"},\"sameAs\":[\"https:\/\/pt.linkedin.com\/company\/tdgiworld?trk=similar-pages\",\"http:\/\/www.youtube.com\/@worldtdgi\"]},{\"@type\":\"Person\",\"@id\":\"https:\/\/www.tdgiworld.com\/#\/schema\/person\/5e1a3e1af649188a962c3d21b1c8be73\",\"name\":\"Admin TDGI\",\"image\":{\"@type\":\"ImageObject\",\"inLanguage\":\"es\",\"@id\":\"https:\/\/www.tdgiworld.com\/#\/schema\/person\/image\/\",\"url\":\"https:\/\/secure.gravatar.com\/avatar\/04ac348f36427137dc9b938816c6466cfcfeb2b9084edc7467217e324922e2d3?s=96&d=mm&r=g\",\"contentUrl\":\"https:\/\/secure.gravatar.com\/avatar\/04ac348f36427137dc9b938816c6466cfcfeb2b9084edc7467217e324922e2d3?s=96&d=mm&r=g\",\"caption\":\"Admin TDGI\"}}]}<\/script>\n<!-- \/ Yoast SEO Premium plugin. -->","yoast_head_json":{"title":"Jornada T\u00e9cnica \u201cDesinfecci\u00f3n por radiaci\u00f3n UV-C\u201d - TDGI - Tecnologia de Gest\u00e3o de Im\u00f3veis, S.A","robots":{"index":"index","follow":"follow","max-snippet":"max-snippet:-1","max-image-preview":"max-image-preview:large","max-video-preview":"max-video-preview:-1"},"canonical":"https:\/\/www.tdgiworld.com\/es\/jornada-tecnica-desinfeccion-por-radiacion-uv-c\/","og_locale":"es_ES","og_type":"article","og_title":"Jornada T\u00e9cnica \u201cDesinfecci\u00f3n por radiaci\u00f3n UV-C\u201d","og_description":"TDGI en colaboraci\u00f3n con la Sociedad Portuguesa de Instrumentaci\u00f3n M\u00e9dica realiz\u00f3 un Taller T\u00e9cnico bajo el tema: \u00abDesinfecci\u00f3n por radiaci\u00f3n UV-C\u00bb el 22 de febrero en el Edificio ANF (Asociaci\u00f3n Nacional de Farmacias), Oporto. Los ponentes presentaron aproximaciones a las normas ISO y la implementaci\u00f3n de la tecnolog\u00eda de desinfecci\u00f3n UV-C, as\u00ed como soluciones tecnol\u00f3gicas [&hellip;]","og_url":"https:\/\/www.tdgiworld.com\/es\/jornada-tecnica-desinfeccion-por-radiacion-uv-c\/","og_site_name":"TDGI - Tecnologia de Gest\u00e3o de Im\u00f3veis, S.A","article_published_time":"2022-03-01T17:48:43+00:00","article_modified_time":"2025-01-15T18:36:13+00:00","og_image":[{"width":705,"height":447,"url":"https:\/\/www.tdgiworld.com\/wp-content\/uploads\/NOTICIA_desinfecao_uv.jpg","type":"image\/jpeg"}],"author":"Admin TDGI","twitter_card":"summary_large_image","twitter_misc":{"Escrito por":"Admin TDGI","Tiempo de lectura":"1 minuto"},"schema":{"@context":"https:\/\/schema.org","@graph":[{"@type":"Article","@id":"https:\/\/www.tdgiworld.com\/es\/jornada-tecnica-desinfeccion-por-radiacion-uv-c\/#article","isPartOf":{"@id":"https:\/\/www.tdgiworld.com\/es\/jornada-tecnica-desinfeccion-por-radiacion-uv-c\/"},"author":{"name":"Admin TDGI","@id":"https:\/\/www.tdgiworld.com\/#\/schema\/person\/5e1a3e1af649188a962c3d21b1c8be73"},"headline":"Jornada T\u00e9cnica \u201cDesinfecci\u00f3n por radiaci\u00f3n UV-C\u201d","datePublished":"2022-03-01T17:48:43+00:00","dateModified":"2025-01-15T18:36:13+00:00","mainEntityOfPage":{"@id":"https:\/\/www.tdgiworld.com\/es\/jornada-tecnica-desinfeccion-por-radiacion-uv-c\/"},"wordCount":162,"publisher":{"@id":"https:\/\/www.tdgiworld.com\/#organization"},"image":{"@id":"https:\/\/www.tdgiworld.com\/es\/jornada-tecnica-desinfeccion-por-radiacion-uv-c\/#primaryimage"},"thumbnailUrl":"https:\/\/www.tdgiworld.com\/wp-content\/uploads\/NOTICIA_desinfecao_uv.jpg","keywords":["healthcare","home ES"],"articleSection":["2022"],"inLanguage":"es"},{"@type":"WebPage","@id":"https:\/\/www.tdgiworld.com\/es\/jornada-tecnica-desinfeccion-por-radiacion-uv-c\/","url":"https:\/\/www.tdgiworld.com\/es\/jornada-tecnica-desinfeccion-por-radiacion-uv-c\/","name":"Jornada T\u00e9cnica \u201cDesinfecci\u00f3n por radiaci\u00f3n UV-C\u201d - TDGI - Tecnologia de Gest\u00e3o de Im\u00f3veis, S.A","isPartOf":{"@id":"https:\/\/www.tdgiworld.com\/#website"},"primaryImageOfPage":{"@id":"https:\/\/www.tdgiworld.com\/es\/jornada-tecnica-desinfeccion-por-radiacion-uv-c\/#primaryimage"},"image":{"@id":"https:\/\/www.tdgiworld.com\/es\/jornada-tecnica-desinfeccion-por-radiacion-uv-c\/#primaryimage"},"thumbnailUrl":"https:\/\/www.tdgiworld.com\/wp-content\/uploads\/NOTICIA_desinfecao_uv.jpg","datePublished":"2022-03-01T17:48:43+00:00","dateModified":"2025-01-15T18:36:13+00:00","breadcrumb":{"@id":"https:\/\/www.tdgiworld.com\/es\/jornada-tecnica-desinfeccion-por-radiacion-uv-c\/#breadcrumb"},"inLanguage":"es","potentialAction":[{"@type":"ReadAction","target":["https:\/\/www.tdgiworld.com\/es\/jornada-tecnica-desinfeccion-por-radiacion-uv-c\/"]}]},{"@type":"ImageObject","inLanguage":"es","@id":"https:\/\/www.tdgiworld.com\/es\/jornada-tecnica-desinfeccion-por-radiacion-uv-c\/#primaryimage","url":"https:\/\/www.tdgiworld.com\/wp-content\/uploads\/NOTICIA_desinfecao_uv.jpg","contentUrl":"https:\/\/www.tdgiworld.com\/wp-content\/uploads\/NOTICIA_desinfecao_uv.jpg","width":705,"height":447},{"@type":"BreadcrumbList","@id":"https:\/\/www.tdgiworld.com\/es\/jornada-tecnica-desinfeccion-por-radiacion-uv-c\/#breadcrumb","itemListElement":[{"@type":"ListItem","position":1,"name":"In\u00edcio","item":"https:\/\/www.tdgiworld.com\/es\/home\/"},{"@type":"ListItem","position":2,"name":"Jornada T\u00e9cnica \u201cDesinfecci\u00f3n por radiaci\u00f3n UV-C\u201d"}]},{"@type":"WebSite","@id":"https:\/\/www.tdgiworld.com\/#website","url":"https:\/\/www.tdgiworld.com\/","name":"TDGI - Tecnologia de Gest\u00e3o de Im\u00f3veis, S.A","description":"","publisher":{"@id":"https:\/\/www.tdgiworld.com\/#organization"},"alternateName":"TDGI","potentialAction":[{"@type":"SearchAction","target":{"@type":"EntryPoint","urlTemplate":"https:\/\/www.tdgiworld.com\/?s={search_term_string}"},"query-input":{"@type":"PropertyValueSpecification","valueRequired":true,"valueName":"search_term_string"}}],"inLanguage":"es"},{"@type":"Organization","@id":"https:\/\/www.tdgiworld.com\/#organization","name":"TDGI Portugal","alternateName":"TDGI","url":"https:\/\/www.tdgiworld.com\/","logo":{"@type":"ImageObject","inLanguage":"es","@id":"https:\/\/www.tdgiworld.com\/#\/schema\/logo\/image\/","url":"https:\/\/www.tdgiworld.com\/wp-content\/uploads\/2018\/01\/logo_TDGI_home_2.png","contentUrl":"https:\/\/www.tdgiworld.com\/wp-content\/uploads\/2018\/01\/logo_TDGI_home_2.png","width":170,"height":77,"caption":"TDGI Portugal"},"image":{"@id":"https:\/\/www.tdgiworld.com\/#\/schema\/logo\/image\/"},"sameAs":["https:\/\/pt.linkedin.com\/company\/tdgiworld?trk=similar-pages","http:\/\/www.youtube.com\/@worldtdgi"]},{"@type":"Person","@id":"https:\/\/www.tdgiworld.com\/#\/schema\/person\/5e1a3e1af649188a962c3d21b1c8be73","name":"Admin TDGI","image":{"@type":"ImageObject","inLanguage":"es","@id":"https:\/\/www.tdgiworld.com\/#\/schema\/person\/image\/","url":"https:\/\/secure.gravatar.com\/avatar\/04ac348f36427137dc9b938816c6466cfcfeb2b9084edc7467217e324922e2d3?s=96&d=mm&r=g","contentUrl":"https:\/\/secure.gravatar.com\/avatar\/04ac348f36427137dc9b938816c6466cfcfeb2b9084edc7467217e324922e2d3?s=96&d=mm&r=g","caption":"Admin TDGI"}}]}},"_links":{"self":[{"href":"https:\/\/www.tdgiworld.com\/es\/wp-json\/wp\/v2\/posts\/16287","targetHints":{"allow":["GET"]}}],"collection":[{"href":"https:\/\/www.tdgiworld.com\/es\/wp-json\/wp\/v2\/posts"}],"about":[{"href":"https:\/\/www.tdgiworld.com\/es\/wp-json\/wp\/v2\/types\/post"}],"author":[{"embeddable":true,"href":"https:\/\/www.tdgiworld.com\/es\/wp-json\/wp\/v2\/users\/1"}],"replies":[{"embeddable":true,"href":"https:\/\/www.tdgiworld.com\/es\/wp-json\/wp\/v2\/comments?post=16287"}],"version-history":[{"count":2,"href":"https:\/\/www.tdgiworld.com\/es\/wp-json\/wp\/v2\/posts\/16287\/revisions"}],"predecessor-version":[{"id":16288,"href":"https:\/\/www.tdgiworld.com\/es\/wp-json\/wp\/v2\/posts\/16287\/revisions\/16288"}],"wp:featuredmedia":[{"embeddable":true,"href":"https:\/\/www.tdgiworld.com\/es\/wp-json\/wp\/v2\/media\/12222"}],"wp:attachment":[{"href":"https:\/\/www.tdgiworld.com\/es\/wp-json\/wp\/v2\/media?parent=16287"}],"wp:term":[{"taxonomy":"category","embeddable":true,"href":"https:\/\/www.tdgiworld.com\/es\/wp-json\/wp\/v2\/categories?post=16287"},{"taxonomy":"post_tag","embeddable":true,"href":"https:\/\/www.tdgiworld.com\/es\/wp-json\/wp\/v2\/tags?post=16287"}],"curies":[{"name":"wp","href":"https:\/\/api.w.org\/{rel}","templated":true}]}}