{"id":16000,"date":"2024-07-12T16:12:22","date_gmt":"2024-07-12T16:12:22","guid":{"rendered":"https:\/\/www.tdgiworld.com\/gas-radao-e-as-suas-implicacoes-na-saude\/"},"modified":"2024-12-20T18:30:58","modified_gmt":"2024-12-20T18:30:58","slug":"le-gaz-radon-et-ses-implications-pour-la-sante","status":"publish","type":"post","link":"https:\/\/www.tdgiworld.com\/fr\/le-gaz-radon-et-ses-implications-pour-la-sante\/","title":{"rendered":"Le gaz Radon et ses implications pour la sant\u00e9."},"content":{"rendered":"<p><img loading=\"lazy\" decoding=\"async\" class=\"wp-image-15403 size-featured\" src=\"https:\/\/www.tdgiworld.com\/wp-content\/uploads\/radao-1500x430.jpeg\" alt=\"dete\u00e7\u00e3o de rad\u00e3o\" width=\"1500\" height=\"430\" \/><\/p>\n<p>&nbsp;<\/p>\n<p style=\"text-align: justify;\"><span style=\"font-size: 16px;\">Le radon est la plus grande source d&rsquo;exposition aux rayonnements ionisants dans le monde et est canc\u00e9rig\u00e8ne, ce qui signifie que l&rsquo;exposition \u00e0 ce gaz est la deuxi\u00e8me cause de cancer du poumon, juste apr\u00e8s le tabac et la premi\u00e8re cause chez les non-fumeurs.<\/span><\/p>\n<p style=\"text-align: justify;\">Le radon est un \u00e9l\u00e9ment chimique du groupe des gaz rares, inodore et incolore \u00e0 temp\u00e9rature et pression ambiantes.<\/p>\n<p style=\"text-align: justify;\">L&rsquo;\u00e9mission de radon est plus intense dans les endroits dont la composition g\u00e9ologique comprend des minerais d&rsquo;uranium ou des roches phosphat\u00e9es, des granites, des basaltes, des schistes, des marbres, entre autres. Plus la concentration d\u2019uranium dans les roches et les sols est \u00e9lev\u00e9e, plus la production de radon est importante. En ce sens, une carte a \u00e9t\u00e9 \u00e9labor\u00e9e qui identifie les zones avec la plus forte probabilit\u00e9 d&rsquo;occurrence de radon dans le pays, qui comprend un indice de susceptibilit\u00e9 au radon par paroisse.<\/p>\n<p style=\"text-align: justify;\">Dans les zones \u00e0 forte sensibilit\u00e9, ou dans les lieux de travail ayant leurs sp\u00e9cificit\u00e9s, un contr\u00f4le du radon est obligatoire annuellement, avec une p\u00e9riode de mesure comprise entre 3 et 12 mois. Dans les zones de sensibilit\u00e9 faible ou mod\u00e9r\u00e9e, il est recommand\u00e9 d&rsquo;effectuer une surveillance tous les cinq ans.<\/p>\n<h5 style=\"text-align: justify;\"><strong>Cadre l\u00e9gislatif<\/strong><\/h5>\n<p style=\"text-align: justify;\">Le d\u00e9cret-loi n\u00b0 108\/2018 transpose la directive 2013\/59\/Euratom, qui fixe des normes de s\u00e9curit\u00e9 contre les dangers r\u00e9sultant de l&rsquo;exposition aux rayonnements ionisants. Le d\u00e9cret fixe le seuil de protection et les niveaux de r\u00e9f\u00e9rence \u00e0 appliquer en tenant compte de l&rsquo;exposition au radon.<\/p>\n<p style=\"text-align: justify;\">La r\u00e9solution n\u00b0 150-A\/2022 du Conseil des ministres approuve le Plan national de lutte contre le radon. Le PNRn pr\u00e9voit le respect d&rsquo;un ensemble d&rsquo;exigences et l&rsquo;adoption d&rsquo;actions en termes de connaissance et de diagnostic des situations d&rsquo;exposition et de protection des travailleurs et du public, ainsi qu&rsquo;en termes d&rsquo;identification d&rsquo;actions pour att\u00e9nuer l&rsquo;exposition au radon, ainsi que la conception de lignes directrices pour d\u00e9finir des strat\u00e9gies de communication \u00e0 destination du grand public et des employeurs.<\/p>\n<p style=\"text-align: justify;\">Apprenez-en davantage sur https:\/\/apambiente.pt\/prevencao-e-gestao-de-riscos\/mapa-de-suscetibilidade-ao-radao<\/p>\n<p><strong>TDGI | Setor An\u00e1lise e Diagn\u00f3stico<\/strong><\/p>\n","protected":false},"excerpt":{"rendered":"<p>&nbsp; Le radon est la plus grande source d&rsquo;exposition aux rayonnements ionisants dans le monde et est canc\u00e9rig\u00e8ne, ce qui signifie que l&rsquo;exposition \u00e0 ce gaz est la deuxi\u00e8me cause de cancer du poumon, juste apr\u00e8s le tabac et la premi\u00e8re cause chez les non-fumeurs. Le radon est un \u00e9l\u00e9ment chimique du groupe des gaz [&hellip;]<\/p>\n","protected":false},"author":4,"featured_media":15405,"comment_status":"closed","ping_status":"closed","sticky":false,"template":"","format":"standard","meta":{"footnotes":"","_links_to":"","_links_to_target":""},"categories":[185],"tags":[186,115],"class_list":["post-16000","post","type-post","status-publish","format-standard","has-post-thumbnail","hentry","category-2024-fr","tag-analise-e-diagnostico-fr","tag-home-fr"],"yoast_head":"<!-- This site is optimized with the Yoast SEO Premium plugin v27.1 (Yoast SEO v27.1.1) - https:\/\/yoast.com\/product\/yoast-seo-premium-wordpress\/ -->\n<title>Rad\u00e3o: A Principal Fonte de Exposi\u00e7\u00e3o \u00e0 Radia\u00e7\u00e3o Ionizante<\/title>\n<meta name=\"description\" content=\"Descubra os perigos do rad\u00e3o e a sua liga\u00e7\u00e3o ao cancro do pulm\u00e3o. Saiba como se proteger e identificar \u00e1reas de maior exposi\u00e7\u00e3o.\" \/>\n<meta name=\"robots\" content=\"index, follow, max-snippet:-1, max-video-preview:-1, noimageindex\" \/>\n<link rel=\"canonical\" href=\"https:\/\/www.tdgiworld.com\/fr\/le-gaz-radon-et-ses-implications-pour-la-sante\/\" \/>\n<meta property=\"og:locale\" content=\"fr_FR\" \/>\n<meta property=\"og:type\" content=\"article\" \/>\n<meta property=\"og:title\" content=\"Le gaz Radon et ses implications pour la sant\u00e9.\" \/>\n<meta property=\"og:description\" content=\"Descubra os perigos do rad\u00e3o e a sua liga\u00e7\u00e3o ao cancro do pulm\u00e3o. Saiba como se proteger e identificar \u00e1reas de maior exposi\u00e7\u00e3o.\" \/>\n<meta property=\"og:url\" content=\"https:\/\/www.tdgiworld.com\/fr\/le-gaz-radon-et-ses-implications-pour-la-sante\/\" \/>\n<meta property=\"og:site_name\" content=\"TDGI - Tecnologia de Gest\u00e3o de Im\u00f3veis, S.A\" \/>\n<meta property=\"article:published_time\" content=\"2024-07-12T16:12:22+00:00\" \/>\n<meta property=\"article:modified_time\" content=\"2024-12-20T18:30:58+00:00\" \/>\n<meta property=\"og:image\" content=\"https:\/\/www.tdgiworld.com\/wp-content\/uploads\/radao-1030x874.jpeg\" \/>\n\t<meta property=\"og:image:width\" content=\"1030\" \/>\n\t<meta property=\"og:image:height\" content=\"874\" \/>\n\t<meta property=\"og:image:type\" content=\"image\/jpeg\" \/>\n<meta name=\"author\" content=\"Jo\u00e3o Marques\" \/>\n<meta name=\"twitter:card\" content=\"summary_large_image\" \/>\n<meta name=\"twitter:label1\" content=\"\u00c9crit par\" \/>\n\t<meta name=\"twitter:data1\" content=\"Jo\u00e3o Marques\" \/>\n\t<meta name=\"twitter:label2\" content=\"Dur\u00e9e de lecture estim\u00e9e\" \/>\n\t<meta name=\"twitter:data2\" content=\"2 minutes\" \/>\n<script type=\"application\/ld+json\" class=\"yoast-schema-graph\">{\"@context\":\"https:\/\/schema.org\",\"@graph\":[{\"@type\":\"Article\",\"@id\":\"https:\/\/www.tdgiworld.com\/fr\/le-gaz-radon-et-ses-implications-pour-la-sante\/#article\",\"isPartOf\":{\"@id\":\"https:\/\/www.tdgiworld.com\/fr\/le-gaz-radon-et-ses-implications-pour-la-sante\/\"},\"author\":{\"name\":\"Jo\u00e3o Marques\",\"@id\":\"https:\/\/www.tdgiworld.com\/#\/schema\/person\/d4ac2a559d5a5badba3f1a45e2ef52da\"},\"headline\":\"Le gaz Radon et ses implications pour la sant\u00e9.\",\"datePublished\":\"2024-07-12T16:12:22+00:00\",\"dateModified\":\"2024-12-20T18:30:58+00:00\",\"mainEntityOfPage\":{\"@id\":\"https:\/\/www.tdgiworld.com\/fr\/le-gaz-radon-et-ses-implications-pour-la-sante\/\"},\"wordCount\":384,\"publisher\":{\"@id\":\"https:\/\/www.tdgiworld.com\/#organization\"},\"image\":{\"@id\":\"https:\/\/www.tdgiworld.com\/fr\/le-gaz-radon-et-ses-implications-pour-la-sante\/#primaryimage\"},\"thumbnailUrl\":\"https:\/\/www.tdgiworld.com\/wp-content\/uploads\/radao-scaled.jpeg\",\"keywords\":[\"an\u00e1lise e diagn\u00f3stico\",\"home FR\"],\"articleSection\":[\"2024\"],\"inLanguage\":\"fr-FR\"},{\"@type\":\"WebPage\",\"@id\":\"https:\/\/www.tdgiworld.com\/fr\/le-gaz-radon-et-ses-implications-pour-la-sante\/\",\"url\":\"https:\/\/www.tdgiworld.com\/fr\/le-gaz-radon-et-ses-implications-pour-la-sante\/\",\"name\":\"Rad\u00e3o: A Principal Fonte de Exposi\u00e7\u00e3o \u00e0 Radia\u00e7\u00e3o Ionizante\",\"isPartOf\":{\"@id\":\"https:\/\/www.tdgiworld.com\/#website\"},\"primaryImageOfPage\":{\"@id\":\"https:\/\/www.tdgiworld.com\/fr\/le-gaz-radon-et-ses-implications-pour-la-sante\/#primaryimage\"},\"image\":{\"@id\":\"https:\/\/www.tdgiworld.com\/fr\/le-gaz-radon-et-ses-implications-pour-la-sante\/#primaryimage\"},\"thumbnailUrl\":\"https:\/\/www.tdgiworld.com\/wp-content\/uploads\/radao-scaled.jpeg\",\"datePublished\":\"2024-07-12T16:12:22+00:00\",\"dateModified\":\"2024-12-20T18:30:58+00:00\",\"description\":\"Descubra os perigos do rad\u00e3o e a sua liga\u00e7\u00e3o ao cancro do pulm\u00e3o. Saiba como se proteger e identificar \u00e1reas de maior exposi\u00e7\u00e3o.\",\"breadcrumb\":{\"@id\":\"https:\/\/www.tdgiworld.com\/fr\/le-gaz-radon-et-ses-implications-pour-la-sante\/#breadcrumb\"},\"inLanguage\":\"fr-FR\",\"potentialAction\":[{\"@type\":\"ReadAction\",\"target\":[\"https:\/\/www.tdgiworld.com\/fr\/le-gaz-radon-et-ses-implications-pour-la-sante\/\"]}]},{\"@type\":\"ImageObject\",\"inLanguage\":\"fr-FR\",\"@id\":\"https:\/\/www.tdgiworld.com\/fr\/le-gaz-radon-et-ses-implications-pour-la-sante\/#primaryimage\",\"url\":\"https:\/\/www.tdgiworld.com\/wp-content\/uploads\/radao-scaled.jpeg\",\"contentUrl\":\"https:\/\/www.tdgiworld.com\/wp-content\/uploads\/radao-scaled.jpeg\",\"width\":2560,\"height\":2171,\"caption\":\"Preparatory stage for the construction of a ventilated crawl space in an old building - Searching gas radon concept seen through a magnifying glass\"},{\"@type\":\"BreadcrumbList\",\"@id\":\"https:\/\/www.tdgiworld.com\/fr\/le-gaz-radon-et-ses-implications-pour-la-sante\/#breadcrumb\",\"itemListElement\":[{\"@type\":\"ListItem\",\"position\":1,\"name\":\"In\u00edcio\",\"item\":\"https:\/\/www.tdgiworld.com\/fr\/home\/\"},{\"@type\":\"ListItem\",\"position\":2,\"name\":\"Le gaz Radon et ses implications pour la sant\u00e9.\"}]},{\"@type\":\"WebSite\",\"@id\":\"https:\/\/www.tdgiworld.com\/#website\",\"url\":\"https:\/\/www.tdgiworld.com\/\",\"name\":\"TDGI - Tecnologia de Gest\u00e3o de Im\u00f3veis, S.A\",\"description\":\"\",\"publisher\":{\"@id\":\"https:\/\/www.tdgiworld.com\/#organization\"},\"alternateName\":\"TDGI\",\"potentialAction\":[{\"@type\":\"SearchAction\",\"target\":{\"@type\":\"EntryPoint\",\"urlTemplate\":\"https:\/\/www.tdgiworld.com\/?s={search_term_string}\"},\"query-input\":{\"@type\":\"PropertyValueSpecification\",\"valueRequired\":true,\"valueName\":\"search_term_string\"}}],\"inLanguage\":\"fr-FR\"},{\"@type\":\"Organization\",\"@id\":\"https:\/\/www.tdgiworld.com\/#organization\",\"name\":\"TDGI Portugal\",\"alternateName\":\"TDGI\",\"url\":\"https:\/\/www.tdgiworld.com\/\",\"logo\":{\"@type\":\"ImageObject\",\"inLanguage\":\"fr-FR\",\"@id\":\"https:\/\/www.tdgiworld.com\/#\/schema\/logo\/image\/\",\"url\":\"https:\/\/www.tdgiworld.com\/wp-content\/uploads\/2018\/01\/logo_TDGI_home_2.png\",\"contentUrl\":\"https:\/\/www.tdgiworld.com\/wp-content\/uploads\/2018\/01\/logo_TDGI_home_2.png\",\"width\":170,\"height\":77,\"caption\":\"TDGI Portugal\"},\"image\":{\"@id\":\"https:\/\/www.tdgiworld.com\/#\/schema\/logo\/image\/\"},\"sameAs\":[\"https:\/\/pt.linkedin.com\/company\/tdgiworld?trk=similar-pages\",\"http:\/\/www.youtube.com\/@worldtdgi\"]},{\"@type\":\"Person\",\"@id\":\"https:\/\/www.tdgiworld.com\/#\/schema\/person\/d4ac2a559d5a5badba3f1a45e2ef52da\",\"name\":\"Jo\u00e3o Marques\",\"image\":{\"@type\":\"ImageObject\",\"inLanguage\":\"fr-FR\",\"@id\":\"https:\/\/www.tdgiworld.com\/#\/schema\/person\/image\/\",\"url\":\"https:\/\/secure.gravatar.com\/avatar\/2b3226aec7166fd784c18aee391faa32eac0784bd2fefa2cb574ac6866b20969?s=96&d=mm&r=g\",\"contentUrl\":\"https:\/\/secure.gravatar.com\/avatar\/2b3226aec7166fd784c18aee391faa32eac0784bd2fefa2cb574ac6866b20969?s=96&d=mm&r=g\",\"caption\":\"Jo\u00e3o Marques\"}}]}<\/script>\n<!-- \/ Yoast SEO Premium plugin. -->","yoast_head_json":{"title":"Rad\u00e3o: A Principal Fonte de Exposi\u00e7\u00e3o \u00e0 Radia\u00e7\u00e3o Ionizante","description":"Descubra os perigos do rad\u00e3o e a sua liga\u00e7\u00e3o ao cancro do pulm\u00e3o. Saiba como se proteger e identificar \u00e1reas de maior exposi\u00e7\u00e3o.","robots":{"index":"index","follow":"follow","max-snippet":"max-snippet:-1","max-video-preview":"max-video-preview:-1","imageindex":"noimageindex"},"canonical":"https:\/\/www.tdgiworld.com\/fr\/le-gaz-radon-et-ses-implications-pour-la-sante\/","og_locale":"fr_FR","og_type":"article","og_title":"Le gaz Radon et ses implications pour la sant\u00e9.","og_description":"Descubra os perigos do rad\u00e3o e a sua liga\u00e7\u00e3o ao cancro do pulm\u00e3o. Saiba como se proteger e identificar \u00e1reas de maior exposi\u00e7\u00e3o.","og_url":"https:\/\/www.tdgiworld.com\/fr\/le-gaz-radon-et-ses-implications-pour-la-sante\/","og_site_name":"TDGI - Tecnologia de Gest\u00e3o de Im\u00f3veis, S.A","article_published_time":"2024-07-12T16:12:22+00:00","article_modified_time":"2024-12-20T18:30:58+00:00","og_image":[{"width":1030,"height":874,"url":"https:\/\/www.tdgiworld.com\/wp-content\/uploads\/radao-1030x874.jpeg","type":"image\/jpeg"}],"author":"Jo\u00e3o Marques","twitter_card":"summary_large_image","twitter_misc":{"\u00c9crit par":"Jo\u00e3o Marques","Dur\u00e9e de lecture estim\u00e9e":"2 minutes"},"schema":{"@context":"https:\/\/schema.org","@graph":[{"@type":"Article","@id":"https:\/\/www.tdgiworld.com\/fr\/le-gaz-radon-et-ses-implications-pour-la-sante\/#article","isPartOf":{"@id":"https:\/\/www.tdgiworld.com\/fr\/le-gaz-radon-et-ses-implications-pour-la-sante\/"},"author":{"name":"Jo\u00e3o Marques","@id":"https:\/\/www.tdgiworld.com\/#\/schema\/person\/d4ac2a559d5a5badba3f1a45e2ef52da"},"headline":"Le gaz Radon et ses implications pour la sant\u00e9.","datePublished":"2024-07-12T16:12:22+00:00","dateModified":"2024-12-20T18:30:58+00:00","mainEntityOfPage":{"@id":"https:\/\/www.tdgiworld.com\/fr\/le-gaz-radon-et-ses-implications-pour-la-sante\/"},"wordCount":384,"publisher":{"@id":"https:\/\/www.tdgiworld.com\/#organization"},"image":{"@id":"https:\/\/www.tdgiworld.com\/fr\/le-gaz-radon-et-ses-implications-pour-la-sante\/#primaryimage"},"thumbnailUrl":"https:\/\/www.tdgiworld.com\/wp-content\/uploads\/radao-scaled.jpeg","keywords":["an\u00e1lise e diagn\u00f3stico","home FR"],"articleSection":["2024"],"inLanguage":"fr-FR"},{"@type":"WebPage","@id":"https:\/\/www.tdgiworld.com\/fr\/le-gaz-radon-et-ses-implications-pour-la-sante\/","url":"https:\/\/www.tdgiworld.com\/fr\/le-gaz-radon-et-ses-implications-pour-la-sante\/","name":"Rad\u00e3o: A Principal Fonte de Exposi\u00e7\u00e3o \u00e0 Radia\u00e7\u00e3o Ionizante","isPartOf":{"@id":"https:\/\/www.tdgiworld.com\/#website"},"primaryImageOfPage":{"@id":"https:\/\/www.tdgiworld.com\/fr\/le-gaz-radon-et-ses-implications-pour-la-sante\/#primaryimage"},"image":{"@id":"https:\/\/www.tdgiworld.com\/fr\/le-gaz-radon-et-ses-implications-pour-la-sante\/#primaryimage"},"thumbnailUrl":"https:\/\/www.tdgiworld.com\/wp-content\/uploads\/radao-scaled.jpeg","datePublished":"2024-07-12T16:12:22+00:00","dateModified":"2024-12-20T18:30:58+00:00","description":"Descubra os perigos do rad\u00e3o e a sua liga\u00e7\u00e3o ao cancro do pulm\u00e3o. Saiba como se proteger e identificar \u00e1reas de maior exposi\u00e7\u00e3o.","breadcrumb":{"@id":"https:\/\/www.tdgiworld.com\/fr\/le-gaz-radon-et-ses-implications-pour-la-sante\/#breadcrumb"},"inLanguage":"fr-FR","potentialAction":[{"@type":"ReadAction","target":["https:\/\/www.tdgiworld.com\/fr\/le-gaz-radon-et-ses-implications-pour-la-sante\/"]}]},{"@type":"ImageObject","inLanguage":"fr-FR","@id":"https:\/\/www.tdgiworld.com\/fr\/le-gaz-radon-et-ses-implications-pour-la-sante\/#primaryimage","url":"https:\/\/www.tdgiworld.com\/wp-content\/uploads\/radao-scaled.jpeg","contentUrl":"https:\/\/www.tdgiworld.com\/wp-content\/uploads\/radao-scaled.jpeg","width":2560,"height":2171,"caption":"Preparatory stage for the construction of a ventilated crawl space in an old building - Searching gas radon concept seen through a magnifying glass"},{"@type":"BreadcrumbList","@id":"https:\/\/www.tdgiworld.com\/fr\/le-gaz-radon-et-ses-implications-pour-la-sante\/#breadcrumb","itemListElement":[{"@type":"ListItem","position":1,"name":"In\u00edcio","item":"https:\/\/www.tdgiworld.com\/fr\/home\/"},{"@type":"ListItem","position":2,"name":"Le gaz Radon et ses implications pour la sant\u00e9."}]},{"@type":"WebSite","@id":"https:\/\/www.tdgiworld.com\/#website","url":"https:\/\/www.tdgiworld.com\/","name":"TDGI - Tecnologia de Gest\u00e3o de Im\u00f3veis, S.A","description":"","publisher":{"@id":"https:\/\/www.tdgiworld.com\/#organization"},"alternateName":"TDGI","potentialAction":[{"@type":"SearchAction","target":{"@type":"EntryPoint","urlTemplate":"https:\/\/www.tdgiworld.com\/?s={search_term_string}"},"query-input":{"@type":"PropertyValueSpecification","valueRequired":true,"valueName":"search_term_string"}}],"inLanguage":"fr-FR"},{"@type":"Organization","@id":"https:\/\/www.tdgiworld.com\/#organization","name":"TDGI Portugal","alternateName":"TDGI","url":"https:\/\/www.tdgiworld.com\/","logo":{"@type":"ImageObject","inLanguage":"fr-FR","@id":"https:\/\/www.tdgiworld.com\/#\/schema\/logo\/image\/","url":"https:\/\/www.tdgiworld.com\/wp-content\/uploads\/2018\/01\/logo_TDGI_home_2.png","contentUrl":"https:\/\/www.tdgiworld.com\/wp-content\/uploads\/2018\/01\/logo_TDGI_home_2.png","width":170,"height":77,"caption":"TDGI Portugal"},"image":{"@id":"https:\/\/www.tdgiworld.com\/#\/schema\/logo\/image\/"},"sameAs":["https:\/\/pt.linkedin.com\/company\/tdgiworld?trk=similar-pages","http:\/\/www.youtube.com\/@worldtdgi"]},{"@type":"Person","@id":"https:\/\/www.tdgiworld.com\/#\/schema\/person\/d4ac2a559d5a5badba3f1a45e2ef52da","name":"Jo\u00e3o Marques","image":{"@type":"ImageObject","inLanguage":"fr-FR","@id":"https:\/\/www.tdgiworld.com\/#\/schema\/person\/image\/","url":"https:\/\/secure.gravatar.com\/avatar\/2b3226aec7166fd784c18aee391faa32eac0784bd2fefa2cb574ac6866b20969?s=96&d=mm&r=g","contentUrl":"https:\/\/secure.gravatar.com\/avatar\/2b3226aec7166fd784c18aee391faa32eac0784bd2fefa2cb574ac6866b20969?s=96&d=mm&r=g","caption":"Jo\u00e3o Marques"}}]}},"_links":{"self":[{"href":"https:\/\/www.tdgiworld.com\/fr\/wp-json\/wp\/v2\/posts\/16000","targetHints":{"allow":["GET"]}}],"collection":[{"href":"https:\/\/www.tdgiworld.com\/fr\/wp-json\/wp\/v2\/posts"}],"about":[{"href":"https:\/\/www.tdgiworld.com\/fr\/wp-json\/wp\/v2\/types\/post"}],"author":[{"embeddable":true,"href":"https:\/\/www.tdgiworld.com\/fr\/wp-json\/wp\/v2\/users\/4"}],"replies":[{"embeddable":true,"href":"https:\/\/www.tdgiworld.com\/fr\/wp-json\/wp\/v2\/comments?post=16000"}],"version-history":[{"count":2,"href":"https:\/\/www.tdgiworld.com\/fr\/wp-json\/wp\/v2\/posts\/16000\/revisions"}],"predecessor-version":[{"id":16002,"href":"https:\/\/www.tdgiworld.com\/fr\/wp-json\/wp\/v2\/posts\/16000\/revisions\/16002"}],"wp:featuredmedia":[{"embeddable":true,"href":"https:\/\/www.tdgiworld.com\/fr\/wp-json\/wp\/v2\/media\/15405"}],"wp:attachment":[{"href":"https:\/\/www.tdgiworld.com\/fr\/wp-json\/wp\/v2\/media?parent=16000"}],"wp:term":[{"taxonomy":"category","embeddable":true,"href":"https:\/\/www.tdgiworld.com\/fr\/wp-json\/wp\/v2\/categories?post=16000"},{"taxonomy":"post_tag","embeddable":true,"href":"https:\/\/www.tdgiworld.com\/fr\/wp-json\/wp\/v2\/tags?post=16000"}],"curies":[{"name":"wp","href":"https:\/\/api.w.org\/{rel}","templated":true}]}}