{"id":2926,"date":"2016-10-06T15:05:25","date_gmt":"2016-10-06T15:05:25","guid":{"rendered":"https:\/\/www.tdgiworld.com\/jornadas-de-facility-management-em-portugal\/"},"modified":"2018-07-20T11:53:13","modified_gmt":"2018-07-20T11:53:13","slug":"facility-management-conference-au-portugal","status":"publish","type":"post","link":"https:\/\/www.tdgiworld.com\/fr\/facility-management-conference-au-portugal\/","title":{"rendered":"FACILITY MANAGEMENT CONFERENCE AU PORTUGAL"},"content":{"rendered":"<div class=\"article-body columns small-12 medium-12 large-6\">\n<div class=\"article-body columns small-12 medium-12 large-6\">\n<div class=\"article-body columns small-12 medium-12 large-6\">\n<p><img loading=\"lazy\" decoding=\"async\" class=\"alignleft size-full wp-image-1136\" src=\"https:\/\/www.tdgiworld.com\/wp-content\/uploads\/Jornadas-FM.jpg\" alt=\"Jornadas De Facility Management Em Portugal. TDGI Portugal\" width=\"770\" height=\"472\" srcset=\"https:\/\/www.tdgiworld.com\/wp-content\/uploads\/Jornadas-FM.jpg 770w, https:\/\/www.tdgiworld.com\/wp-content\/uploads\/Jornadas-FM-150x92.jpg 150w, https:\/\/www.tdgiworld.com\/wp-content\/uploads\/Jornadas-FM-300x184.jpg 300w, https:\/\/www.tdgiworld.com\/wp-content\/uploads\/Jornadas-FM-768x471.jpg 768w, https:\/\/www.tdgiworld.com\/wp-content\/uploads\/Jornadas-FM-705x432.jpg 705w, https:\/\/www.tdgiworld.com\/wp-content\/uploads\/Jornadas-FM-450x276.jpg 450w, https:\/\/www.tdgiworld.com\/wp-content\/uploads\/Jornadas-FM-31x19.jpg 31w\" sizes=\"auto, (max-width: 770px) 100vw, 770px\" \/><\/p>\n<div class=\"article-body columns small-12 medium-12 large-6\">\n<div class=\"article-body columns small-12 medium-12 large-6\">\n<div class=\"article-body columns small-12 medium-12 large-6\">\n<p><strong>TDGI<\/strong> ont le plaisir de vous informer que seront pr\u00e9sents dans le <strong>Facility Management Conference au Portugal<\/strong>, avec l\u2019organisation en charge de APFM, pour la dixi\u00e8me ann\u00e9e cons\u00e9cutive. L\u2019\u00e9v\u00e9nement sera suivi par un certain nombre de conf\u00e9renciers experts, des groupes de discussion et pr\u00e9sentation des bonnes pratiques afin de promouvoir une discussion utile des th\u00e8mes du programme et l\u2019objectif principal de lancer des d\u00e9fis et de nouveaux projets pour le secteur en 2017.<\/p>\n<p>L\u2019\u00e9v\u00e9nement aura lieu les 16 et 17 Novembre, entre 9h et 18h \u00e0 <strong>MAAT \u2013 Museum of Art, Architecture et technologie<\/strong> \u00e0 Lisbonne.<\/p>\n<\/div>\n<\/div>\n<\/div>\n<\/div>\n<\/div>\n<div  class='avia-button-wrap av-2ojglx-9a0a75cb5e183fd9221e7ada6eb49ed8-wrap avia-button-left  avia-builder-el-0  avia-builder-el-no-sibling '><a href='http:\/\/jornadasfm.pt\/'  class='avia-button av-2ojglx-9a0a75cb5e183fd9221e7ada6eb49ed8 av-link-btn avia-icon_select-yes-left-icon avia-size-large avia-position-left avia-color-theme-color'  target=\"_blank\"  rel=\"noopener noreferrer\"  aria-label=\"+ info\"><span class='avia_button_icon avia_button_icon_left avia-iconfont avia-font-entypo-fontello' data-av_icon='\ue822' data-av_iconfont='entypo-fontello' ><\/span><span class='avia_iconbox_title' >+ info<\/span><\/a><\/div>\n<\/div>\n","protected":false},"excerpt":{"rendered":"<p>TDGI ont le plaisir de vous informer que seront pr\u00e9sents dans le Facility Management Conference au Portugal, avec l\u2019organisation en charge de APFM, pour la dixi\u00e8me ann\u00e9e cons\u00e9cutive. L\u2019\u00e9v\u00e9nement sera suivi par un certain nombre de conf\u00e9renciers experts, des groupes de discussion et pr\u00e9sentation des bonnes pratiques afin de promouvoir une discussion utile des th\u00e8mes [&hellip;]<\/p>\n","protected":false},"author":1,"featured_media":1995,"comment_status":"closed","ping_status":"closed","sticky":false,"template":"","format":"standard","meta":{"footnotes":"","_links_to":"","_links_to_target":""},"categories":[73],"tags":[],"class_list":["post-2926","post","type-post","status-publish","format-standard","has-post-thumbnail","hentry","category-2016-fr"],"yoast_head":"<!-- This site is optimized with the Yoast SEO Premium plugin v27.1 (Yoast SEO v27.1.1) - https:\/\/yoast.com\/product\/yoast-seo-premium-wordpress\/ -->\n<title>FACILITY MANAGEMENT CONFERENCE AU PORTUGAL - TDGI - Tecnologia de Gest\u00e3o de Im\u00f3veis, S.A<\/title>\n<meta name=\"robots\" content=\"index, follow, max-snippet:-1, max-image-preview:large, max-video-preview:-1\" \/>\n<link rel=\"canonical\" href=\"https:\/\/www.tdgiworld.com\/fr\/facility-management-conference-au-portugal\/\" \/>\n<meta property=\"og:locale\" content=\"fr_FR\" \/>\n<meta property=\"og:type\" content=\"article\" \/>\n<meta property=\"og:title\" content=\"FACILITY MANAGEMENT CONFERENCE AU PORTUGAL\" \/>\n<meta property=\"og:description\" content=\"TDGI ont le plaisir de vous informer que seront pr\u00e9sents dans le Facility Management Conference au Portugal, avec l\u2019organisation en charge de APFM, pour la dixi\u00e8me ann\u00e9e cons\u00e9cutive. L\u2019\u00e9v\u00e9nement sera suivi par un certain nombre de conf\u00e9renciers experts, des groupes de discussion et pr\u00e9sentation des bonnes pratiques afin de promouvoir une discussion utile des th\u00e8mes [&hellip;]\" \/>\n<meta property=\"og:url\" content=\"https:\/\/www.tdgiworld.com\/fr\/facility-management-conference-au-portugal\/\" \/>\n<meta property=\"og:site_name\" content=\"TDGI - Tecnologia de Gest\u00e3o de Im\u00f3veis, S.A\" \/>\n<meta property=\"article:published_time\" content=\"2016-10-06T15:05:25+00:00\" \/>\n<meta property=\"article:modified_time\" content=\"2018-07-20T11:53:13+00:00\" \/>\n<meta property=\"og:image\" content=\"https:\/\/www.tdgiworld.com\/wp-content\/uploads\/Jornadas-FM.jpg\" \/>\n\t<meta property=\"og:image:width\" content=\"770\" \/>\n\t<meta property=\"og:image:height\" content=\"472\" \/>\n\t<meta property=\"og:image:type\" content=\"image\/jpeg\" \/>\n<meta name=\"author\" content=\"Admin TDGI\" \/>\n<meta name=\"twitter:card\" content=\"summary_large_image\" \/>\n<meta name=\"twitter:label1\" content=\"\u00c9crit par\" \/>\n\t<meta name=\"twitter:data1\" content=\"Admin TDGI\" \/>\n\t<meta name=\"twitter:label2\" content=\"Dur\u00e9e de lecture estim\u00e9e\" \/>\n\t<meta name=\"twitter:data2\" content=\"1 minute\" \/>\n<script type=\"application\/ld+json\" class=\"yoast-schema-graph\">{\"@context\":\"https:\/\/schema.org\",\"@graph\":[{\"@type\":\"Article\",\"@id\":\"https:\/\/www.tdgiworld.com\/fr\/facility-management-conference-au-portugal\/#article\",\"isPartOf\":{\"@id\":\"https:\/\/www.tdgiworld.com\/fr\/facility-management-conference-au-portugal\/\"},\"author\":{\"name\":\"Admin TDGI\",\"@id\":\"https:\/\/www.tdgiworld.com\/#\/schema\/person\/5e1a3e1af649188a962c3d21b1c8be73\"},\"headline\":\"FACILITY MANAGEMENT CONFERENCE AU PORTUGAL\",\"datePublished\":\"2016-10-06T15:05:25+00:00\",\"dateModified\":\"2018-07-20T11:53:13+00:00\",\"mainEntityOfPage\":{\"@id\":\"https:\/\/www.tdgiworld.com\/fr\/facility-management-conference-au-portugal\/\"},\"wordCount\":148,\"publisher\":{\"@id\":\"https:\/\/www.tdgiworld.com\/#organization\"},\"image\":{\"@id\":\"https:\/\/www.tdgiworld.com\/fr\/facility-management-conference-au-portugal\/#primaryimage\"},\"thumbnailUrl\":\"https:\/\/www.tdgiworld.com\/wp-content\/uploads\/Jornadas-FM.jpg\",\"articleSection\":[\"2016\"],\"inLanguage\":\"fr-FR\"},{\"@type\":\"WebPage\",\"@id\":\"https:\/\/www.tdgiworld.com\/fr\/facility-management-conference-au-portugal\/\",\"url\":\"https:\/\/www.tdgiworld.com\/fr\/facility-management-conference-au-portugal\/\",\"name\":\"FACILITY MANAGEMENT CONFERENCE AU PORTUGAL - TDGI - Tecnologia de Gest\u00e3o de Im\u00f3veis, S.A\",\"isPartOf\":{\"@id\":\"https:\/\/www.tdgiworld.com\/#website\"},\"primaryImageOfPage\":{\"@id\":\"https:\/\/www.tdgiworld.com\/fr\/facility-management-conference-au-portugal\/#primaryimage\"},\"image\":{\"@id\":\"https:\/\/www.tdgiworld.com\/fr\/facility-management-conference-au-portugal\/#primaryimage\"},\"thumbnailUrl\":\"https:\/\/www.tdgiworld.com\/wp-content\/uploads\/Jornadas-FM.jpg\",\"datePublished\":\"2016-10-06T15:05:25+00:00\",\"dateModified\":\"2018-07-20T11:53:13+00:00\",\"breadcrumb\":{\"@id\":\"https:\/\/www.tdgiworld.com\/fr\/facility-management-conference-au-portugal\/#breadcrumb\"},\"inLanguage\":\"fr-FR\",\"potentialAction\":[{\"@type\":\"ReadAction\",\"target\":[\"https:\/\/www.tdgiworld.com\/fr\/facility-management-conference-au-portugal\/\"]}]},{\"@type\":\"ImageObject\",\"inLanguage\":\"fr-FR\",\"@id\":\"https:\/\/www.tdgiworld.com\/fr\/facility-management-conference-au-portugal\/#primaryimage\",\"url\":\"https:\/\/www.tdgiworld.com\/wp-content\/uploads\/Jornadas-FM.jpg\",\"contentUrl\":\"https:\/\/www.tdgiworld.com\/wp-content\/uploads\/Jornadas-FM.jpg\",\"width\":770,\"height\":472},{\"@type\":\"BreadcrumbList\",\"@id\":\"https:\/\/www.tdgiworld.com\/fr\/facility-management-conference-au-portugal\/#breadcrumb\",\"itemListElement\":[{\"@type\":\"ListItem\",\"position\":1,\"name\":\"In\u00edcio\",\"item\":\"https:\/\/www.tdgiworld.com\/fr\/home\/\"},{\"@type\":\"ListItem\",\"position\":2,\"name\":\"FACILITY MANAGEMENT CONFERENCE AU PORTUGAL\"}]},{\"@type\":\"WebSite\",\"@id\":\"https:\/\/www.tdgiworld.com\/#website\",\"url\":\"https:\/\/www.tdgiworld.com\/\",\"name\":\"TDGI - Tecnologia de Gest\u00e3o de Im\u00f3veis, S.A\",\"description\":\"\",\"publisher\":{\"@id\":\"https:\/\/www.tdgiworld.com\/#organization\"},\"alternateName\":\"TDGI\",\"potentialAction\":[{\"@type\":\"SearchAction\",\"target\":{\"@type\":\"EntryPoint\",\"urlTemplate\":\"https:\/\/www.tdgiworld.com\/?s={search_term_string}\"},\"query-input\":{\"@type\":\"PropertyValueSpecification\",\"valueRequired\":true,\"valueName\":\"search_term_string\"}}],\"inLanguage\":\"fr-FR\"},{\"@type\":\"Organization\",\"@id\":\"https:\/\/www.tdgiworld.com\/#organization\",\"name\":\"TDGI Portugal\",\"alternateName\":\"TDGI\",\"url\":\"https:\/\/www.tdgiworld.com\/\",\"logo\":{\"@type\":\"ImageObject\",\"inLanguage\":\"fr-FR\",\"@id\":\"https:\/\/www.tdgiworld.com\/#\/schema\/logo\/image\/\",\"url\":\"https:\/\/www.tdgiworld.com\/wp-content\/uploads\/2018\/01\/logo_TDGI_home_2.png\",\"contentUrl\":\"https:\/\/www.tdgiworld.com\/wp-content\/uploads\/2018\/01\/logo_TDGI_home_2.png\",\"width\":170,\"height\":77,\"caption\":\"TDGI Portugal\"},\"image\":{\"@id\":\"https:\/\/www.tdgiworld.com\/#\/schema\/logo\/image\/\"},\"sameAs\":[\"https:\/\/pt.linkedin.com\/company\/tdgiworld?trk=similar-pages\",\"http:\/\/www.youtube.com\/@worldtdgi\"]},{\"@type\":\"Person\",\"@id\":\"https:\/\/www.tdgiworld.com\/#\/schema\/person\/5e1a3e1af649188a962c3d21b1c8be73\",\"name\":\"Admin TDGI\",\"image\":{\"@type\":\"ImageObject\",\"inLanguage\":\"fr-FR\",\"@id\":\"https:\/\/www.tdgiworld.com\/#\/schema\/person\/image\/\",\"url\":\"https:\/\/secure.gravatar.com\/avatar\/04ac348f36427137dc9b938816c6466cfcfeb2b9084edc7467217e324922e2d3?s=96&d=mm&r=g\",\"contentUrl\":\"https:\/\/secure.gravatar.com\/avatar\/04ac348f36427137dc9b938816c6466cfcfeb2b9084edc7467217e324922e2d3?s=96&d=mm&r=g\",\"caption\":\"Admin TDGI\"}}]}<\/script>\n<!-- \/ Yoast SEO Premium plugin. -->","yoast_head_json":{"title":"FACILITY MANAGEMENT CONFERENCE AU PORTUGAL - TDGI - Tecnologia de Gest\u00e3o de Im\u00f3veis, S.A","robots":{"index":"index","follow":"follow","max-snippet":"max-snippet:-1","max-image-preview":"max-image-preview:large","max-video-preview":"max-video-preview:-1"},"canonical":"https:\/\/www.tdgiworld.com\/fr\/facility-management-conference-au-portugal\/","og_locale":"fr_FR","og_type":"article","og_title":"FACILITY MANAGEMENT CONFERENCE AU PORTUGAL","og_description":"TDGI ont le plaisir de vous informer que seront pr\u00e9sents dans le Facility Management Conference au Portugal, avec l\u2019organisation en charge de APFM, pour la dixi\u00e8me ann\u00e9e cons\u00e9cutive. L\u2019\u00e9v\u00e9nement sera suivi par un certain nombre de conf\u00e9renciers experts, des groupes de discussion et pr\u00e9sentation des bonnes pratiques afin de promouvoir une discussion utile des th\u00e8mes [&hellip;]","og_url":"https:\/\/www.tdgiworld.com\/fr\/facility-management-conference-au-portugal\/","og_site_name":"TDGI - Tecnologia de Gest\u00e3o de Im\u00f3veis, S.A","article_published_time":"2016-10-06T15:05:25+00:00","article_modified_time":"2018-07-20T11:53:13+00:00","og_image":[{"width":770,"height":472,"url":"https:\/\/www.tdgiworld.com\/wp-content\/uploads\/Jornadas-FM.jpg","type":"image\/jpeg"}],"author":"Admin TDGI","twitter_card":"summary_large_image","twitter_misc":{"\u00c9crit par":"Admin TDGI","Dur\u00e9e de lecture estim\u00e9e":"1 minute"},"schema":{"@context":"https:\/\/schema.org","@graph":[{"@type":"Article","@id":"https:\/\/www.tdgiworld.com\/fr\/facility-management-conference-au-portugal\/#article","isPartOf":{"@id":"https:\/\/www.tdgiworld.com\/fr\/facility-management-conference-au-portugal\/"},"author":{"name":"Admin TDGI","@id":"https:\/\/www.tdgiworld.com\/#\/schema\/person\/5e1a3e1af649188a962c3d21b1c8be73"},"headline":"FACILITY MANAGEMENT CONFERENCE AU PORTUGAL","datePublished":"2016-10-06T15:05:25+00:00","dateModified":"2018-07-20T11:53:13+00:00","mainEntityOfPage":{"@id":"https:\/\/www.tdgiworld.com\/fr\/facility-management-conference-au-portugal\/"},"wordCount":148,"publisher":{"@id":"https:\/\/www.tdgiworld.com\/#organization"},"image":{"@id":"https:\/\/www.tdgiworld.com\/fr\/facility-management-conference-au-portugal\/#primaryimage"},"thumbnailUrl":"https:\/\/www.tdgiworld.com\/wp-content\/uploads\/Jornadas-FM.jpg","articleSection":["2016"],"inLanguage":"fr-FR"},{"@type":"WebPage","@id":"https:\/\/www.tdgiworld.com\/fr\/facility-management-conference-au-portugal\/","url":"https:\/\/www.tdgiworld.com\/fr\/facility-management-conference-au-portugal\/","name":"FACILITY MANAGEMENT CONFERENCE AU PORTUGAL - TDGI - Tecnologia de Gest\u00e3o de Im\u00f3veis, S.A","isPartOf":{"@id":"https:\/\/www.tdgiworld.com\/#website"},"primaryImageOfPage":{"@id":"https:\/\/www.tdgiworld.com\/fr\/facility-management-conference-au-portugal\/#primaryimage"},"image":{"@id":"https:\/\/www.tdgiworld.com\/fr\/facility-management-conference-au-portugal\/#primaryimage"},"thumbnailUrl":"https:\/\/www.tdgiworld.com\/wp-content\/uploads\/Jornadas-FM.jpg","datePublished":"2016-10-06T15:05:25+00:00","dateModified":"2018-07-20T11:53:13+00:00","breadcrumb":{"@id":"https:\/\/www.tdgiworld.com\/fr\/facility-management-conference-au-portugal\/#breadcrumb"},"inLanguage":"fr-FR","potentialAction":[{"@type":"ReadAction","target":["https:\/\/www.tdgiworld.com\/fr\/facility-management-conference-au-portugal\/"]}]},{"@type":"ImageObject","inLanguage":"fr-FR","@id":"https:\/\/www.tdgiworld.com\/fr\/facility-management-conference-au-portugal\/#primaryimage","url":"https:\/\/www.tdgiworld.com\/wp-content\/uploads\/Jornadas-FM.jpg","contentUrl":"https:\/\/www.tdgiworld.com\/wp-content\/uploads\/Jornadas-FM.jpg","width":770,"height":472},{"@type":"BreadcrumbList","@id":"https:\/\/www.tdgiworld.com\/fr\/facility-management-conference-au-portugal\/#breadcrumb","itemListElement":[{"@type":"ListItem","position":1,"name":"In\u00edcio","item":"https:\/\/www.tdgiworld.com\/fr\/home\/"},{"@type":"ListItem","position":2,"name":"FACILITY MANAGEMENT CONFERENCE AU PORTUGAL"}]},{"@type":"WebSite","@id":"https:\/\/www.tdgiworld.com\/#website","url":"https:\/\/www.tdgiworld.com\/","name":"TDGI - Tecnologia de Gest\u00e3o de Im\u00f3veis, S.A","description":"","publisher":{"@id":"https:\/\/www.tdgiworld.com\/#organization"},"alternateName":"TDGI","potentialAction":[{"@type":"SearchAction","target":{"@type":"EntryPoint","urlTemplate":"https:\/\/www.tdgiworld.com\/?s={search_term_string}"},"query-input":{"@type":"PropertyValueSpecification","valueRequired":true,"valueName":"search_term_string"}}],"inLanguage":"fr-FR"},{"@type":"Organization","@id":"https:\/\/www.tdgiworld.com\/#organization","name":"TDGI Portugal","alternateName":"TDGI","url":"https:\/\/www.tdgiworld.com\/","logo":{"@type":"ImageObject","inLanguage":"fr-FR","@id":"https:\/\/www.tdgiworld.com\/#\/schema\/logo\/image\/","url":"https:\/\/www.tdgiworld.com\/wp-content\/uploads\/2018\/01\/logo_TDGI_home_2.png","contentUrl":"https:\/\/www.tdgiworld.com\/wp-content\/uploads\/2018\/01\/logo_TDGI_home_2.png","width":170,"height":77,"caption":"TDGI Portugal"},"image":{"@id":"https:\/\/www.tdgiworld.com\/#\/schema\/logo\/image\/"},"sameAs":["https:\/\/pt.linkedin.com\/company\/tdgiworld?trk=similar-pages","http:\/\/www.youtube.com\/@worldtdgi"]},{"@type":"Person","@id":"https:\/\/www.tdgiworld.com\/#\/schema\/person\/5e1a3e1af649188a962c3d21b1c8be73","name":"Admin TDGI","image":{"@type":"ImageObject","inLanguage":"fr-FR","@id":"https:\/\/www.tdgiworld.com\/#\/schema\/person\/image\/","url":"https:\/\/secure.gravatar.com\/avatar\/04ac348f36427137dc9b938816c6466cfcfeb2b9084edc7467217e324922e2d3?s=96&d=mm&r=g","contentUrl":"https:\/\/secure.gravatar.com\/avatar\/04ac348f36427137dc9b938816c6466cfcfeb2b9084edc7467217e324922e2d3?s=96&d=mm&r=g","caption":"Admin TDGI"}}]}},"_links":{"self":[{"href":"https:\/\/www.tdgiworld.com\/fr\/wp-json\/wp\/v2\/posts\/2926","targetHints":{"allow":["GET"]}}],"collection":[{"href":"https:\/\/www.tdgiworld.com\/fr\/wp-json\/wp\/v2\/posts"}],"about":[{"href":"https:\/\/www.tdgiworld.com\/fr\/wp-json\/wp\/v2\/types\/post"}],"author":[{"embeddable":true,"href":"https:\/\/www.tdgiworld.com\/fr\/wp-json\/wp\/v2\/users\/1"}],"replies":[{"embeddable":true,"href":"https:\/\/www.tdgiworld.com\/fr\/wp-json\/wp\/v2\/comments?post=2926"}],"version-history":[{"count":0,"href":"https:\/\/www.tdgiworld.com\/fr\/wp-json\/wp\/v2\/posts\/2926\/revisions"}],"wp:featuredmedia":[{"embeddable":true,"href":"https:\/\/www.tdgiworld.com\/fr\/wp-json\/wp\/v2\/media\/1995"}],"wp:attachment":[{"href":"https:\/\/www.tdgiworld.com\/fr\/wp-json\/wp\/v2\/media?parent=2926"}],"wp:term":[{"taxonomy":"category","embeddable":true,"href":"https:\/\/www.tdgiworld.com\/fr\/wp-json\/wp\/v2\/categories?post=2926"},{"taxonomy":"post_tag","embeddable":true,"href":"https:\/\/www.tdgiworld.com\/fr\/wp-json\/wp\/v2\/tags?post=2926"}],"curies":[{"name":"wp","href":"https:\/\/api.w.org\/{rel}","templated":true}]}}